{"id":16184,"date":"2022-03-21T11:43:25","date_gmt":"2022-03-21T10:43:25","guid":{"rendered":"https:\/\/manuf.bme.hu\/?p=16184"},"modified":"2022-03-21T11:44:50","modified_gmt":"2022-03-21T10:44:50","slug":"dr-takacs-marton-magyar-arany-erdemkereszt-kituntetest-kapott","status":"publish","type":"post","link":"https:\/\/manuf.bme.hu\/?p=16184","title":{"rendered":"Dr. Tak\u00e1cs M\u00e1rton Magyar Arany \u00c9rdemkereszt kit\u00fcntet\u00e9st kapott"},"content":{"rendered":"<div class=\"kvgmc6g5 cxmmr5t8 oygrvhab hcukyx3x c1et5uql ii04i59q\">\n<div dir=\"auto\">A 2022. m\u00e1rcius 15-ei nemzeti \u00fcnnep alkalm\u00e1b\u00f3l Minisztereln\u00f6k \u00far felterjeszt\u00e9s\u00e9re \u00c1der J\u00e1nos k\u00f6zt\u00e1rsas\u00e1gi eln\u00f6k \u00far Magyar Arany \u00c9rdemkereszt kit\u00fcntet\u00e9st adom\u00e1nyozott Dr. Tak\u00e1cs M\u00e1rton tansz\u00e9kvezet\u0151-helyettes egyetemi docensnek. Az \u00e1llami kit\u00fcntet\u00e9s \u00e1tad\u00e1s\u00e1ra 2022. m\u00e1rcius 17-\u00e9n ker\u00fclt sor a Pesti V\u00edgad\u00f3ban, az Innov\u00e1ci\u00f3s \u00e9s Technol\u00f3giai Miniszt\u00e9rium \u00e1ltal szervezett \u00fcnneps\u00e9gen.<\/div>\n<div dir=\"auto\"><\/div>\n<\/div>\n<div class=\"cxmmr5t8 oygrvhab hcukyx3x c1et5uql o9v6fnle ii04i59q\">\n<div dir=\"auto\">A kit\u00fcntet\u00e9st koll\u00e9g\u00e1nk az anyagtudom\u00e1ny k\u00fcl\u00f6nb\u00f6z\u0151 ter\u00fcletein v\u00e9gzett kiemelked\u0151 kutat\u00f3i tev\u00e9kenys\u00e9ge, valamint a fels\u0151oktat\u00e1s sz\u00e1mos szakter\u00fclet\u00e9re kiterjed\u0151 oktat\u00e1si munk\u00e1ja elismer\u00e9sek\u00e9nt kapta.<\/div>\n<div dir=\"auto\"><\/div>\n<\/div>\n<div class=\"cxmmr5t8 oygrvhab hcukyx3x c1et5uql o9v6fnle ii04i59q\">\n<div dir=\"auto\">A kit\u00fcntet\u00e9shez gratul\u00e1lunk!<\/div>\n<\/div>\n","protected":false},"excerpt":{"rendered":"<p>A 2022. m\u00e1rcius 15-ei nemzeti \u00fcnnep alkalm\u00e1b\u00f3l Minisztereln\u00f6k \u00far felterjeszt\u00e9s\u00e9re \u00c1der J\u00e1nos k\u00f6zt\u00e1rsas\u00e1gi eln\u00f6k \u00far Magyar Arany \u00c9rdemkereszt kit\u00fcntet\u00e9st adom\u00e1nyozott Dr. Tak\u00e1cs M\u00e1rton tansz\u00e9kvezet\u0151-helyettes egyetemi docensnek. Az \u00e1llami kit\u00fcntet\u00e9s \u00e1tad\u00e1s\u00e1ra 2022. m\u00e1rcius 17-\u00e9n ker\u00fclt sor a Pesti V\u00edgad\u00f3ban, az Innov\u00e1ci\u00f3s \u00e9s Technol\u00f3giai Miniszt\u00e9rium \u00e1ltal szervezett \u00fcnneps\u00e9gen. A kit\u00fcntet\u00e9st koll\u00e9g\u00e1nk az anyagtudom\u00e1ny k\u00fcl\u00f6nb\u00f6z\u0151 ter\u00fcletein v\u00e9gzett kiemelked\u0151&#8230;<\/p>\n<p class=\"more-link-wrap\"><a href=\"https:\/\/manuf.bme.hu\/?p=16184\" class=\"more-link\">B\u0151vebben<span class=\"screen-reader-text\"> &ldquo;Dr. Tak\u00e1cs M\u00e1rton Magyar Arany \u00c9rdemkereszt kit\u00fcntet\u00e9st kapott&rdquo;<\/span> &raquo;<\/a><\/p>\n","protected":false},"author":65,"featured_media":16187,"comment_status":"closed","ping_status":"closed","sticky":false,"template":"","format":"standard","meta":{"_cbd_carousel_blocks":"[]","jetpack_post_was_ever_published":false,"_jetpack_newsletter_access":"","_jetpack_dont_email_post_to_subs":false,"_jetpack_newsletter_tier_id":0,"_jetpack_memberships_contains_paywalled_content":false,"_jetpack_memberships_contains_paid_content":false,"footnotes":""},"categories":[28],"tags":[],"class_list":["post-16184","post","type-post","status-publish","format-standard","has-post-thumbnail","hentry","category-hirek"],"jetpack_featured_media_url":"https:\/\/manuf.bme.hu\/wp-content\/uploads\/2022\/03\/Kepkivagas-1.jpg","jetpack_sharing_enabled":true,"_links":{"self":[{"href":"https:\/\/manuf.bme.hu\/index.php?rest_route=\/wp\/v2\/posts\/16184","targetHints":{"allow":["GET"]}}],"collection":[{"href":"https:\/\/manuf.bme.hu\/index.php?rest_route=\/wp\/v2\/posts"}],"about":[{"href":"https:\/\/manuf.bme.hu\/index.php?rest_route=\/wp\/v2\/types\/post"}],"author":[{"embeddable":true,"href":"https:\/\/manuf.bme.hu\/index.php?rest_route=\/wp\/v2\/users\/65"}],"replies":[{"embeddable":true,"href":"https:\/\/manuf.bme.hu\/index.php?rest_route=%2Fwp%2Fv2%2Fcomments&post=16184"}],"version-history":[{"count":0,"href":"https:\/\/manuf.bme.hu\/index.php?rest_route=\/wp\/v2\/posts\/16184\/revisions"}],"wp:featuredmedia":[{"embeddable":true,"href":"https:\/\/manuf.bme.hu\/index.php?rest_route=\/wp\/v2\/media\/16187"}],"wp:attachment":[{"href":"https:\/\/manuf.bme.hu\/index.php?rest_route=%2Fwp%2Fv2%2Fmedia&parent=16184"}],"wp:term":[{"taxonomy":"category","embeddable":true,"href":"https:\/\/manuf.bme.hu\/index.php?rest_route=%2Fwp%2Fv2%2Fcategories&post=16184"},{"taxonomy":"post_tag","embeddable":true,"href":"https:\/\/manuf.bme.hu\/index.php?rest_route=%2Fwp%2Fv2%2Ftags&post=16184"}],"curies":[{"name":"wp","href":"https:\/\/api.w.org\/{rel}","templated":true}]}}