{"id":16502,"date":"2022-11-24T10:23:51","date_gmt":"2022-11-24T09:23:51","guid":{"rendered":"https:\/\/manuf.bme.hu\/?p=16502"},"modified":"2022-11-24T10:25:45","modified_gmt":"2022-11-24T09:25:45","slug":"sikeresen-szerepeltek-hallgatoink-az-intezmenyi-tdk-konferencia-gyartastudomany-es-technologia-szekciojaban","status":"publish","type":"post","link":"https:\/\/manuf.bme.hu\/?p=16502","title":{"rendered":"Sikeresen szerepeltek hallgat\u00f3ink az int\u00e9zm\u00e9nyi TDK konferencia Gy\u00e1rt\u00e1studom\u00e1ny \u00e9s -technol\u00f3gia szekci\u00f3j\u00e1ban"},"content":{"rendered":"<p>A tansz\u00e9k\u00fcnk oktat\u00e1si \u00e9s kutat\u00e1si tev\u00e9kenys\u00e9geihez szorosan kapcsol\u00f3d\u00f3 TDK dolgozatok a &#8222;Gy\u00e1rt\u00e1studom\u00e1ny \u00e9s -technol\u00f3gia&#8221; szekci\u00f3ban ker\u00fcltek beny\u00fajt\u00e1sra \u00e9s megv\u00e9d\u00e9sre 2022. november 17.-\u00e9n. A kutat\u00f3munk\u00e1k \u00edrott dokument\u00e1ci\u00f3j\u00e1nak \u00e9s szabadform\u00e1j\u00fa el\u0151ad\u00e1sainak min\u0151s\u00e9ge alapj\u00e1n ker\u00fcltek a hallgat\u00f3i munk\u00e1k \u00e9rt\u00e9kel\u00e9sre a szakmai bizotts\u00e1g v\u00e9lem\u00e9nyei alapj\u00e1n. Ez\u00faton is gratul\u00e1lunk minden el\u0151ad\u00f3nak \u00e9s konzulens\u00fcknek!<\/p>\n<p>Az els\u0151 \u00e9s m\u00e1sodik helyeket el\u00e9rt hallgat\u00f3k k\u00e9pviselhetik majd az egyetemet \u00e9s a tansz\u00e9k\u00fcnket a j\u00f6v\u0151re esed\u00e9kes orsz\u00e1gos TDK versenyen: Tima Tam\u00e1s S\u00e1ndor, Magyar Gergely, Pal\u00e1gyi Imre, Mez\u0151 P\u00e9ter B\u00e1lint \u00e9s Poly\u00e1k Istv\u00e1n.<\/p>\n<p>Az el\u00e9rt eredm\u00e9nyekhez gratul\u00e1lunk \u00e9s az OTDK felk\u00e9sz\u00fcl\u00e9shez sok sikert k\u00edv\u00e1nunk!<\/p>\n<p>&nbsp;<\/p>\n<p>A kiosztott helyez\u00e9sek az al\u00e1bb l\u00e1that\u00f3k:<\/p>\n<p><strong>I. helyezettek:<\/strong><\/p>\n<p>Tima Tam\u00e1s S\u00e1ndor: Sz\u00e9nsz\u00e1llal er\u0151s\u00edtett polimer kompozitok t\u00f6bbtengelyes \u00e9lmar\u00e1si technol\u00f3gi\u00e1j\u00e1nak fejleszt\u00e9se \u00e9s k\u00eds\u00e9rleti vizsg\u00e1lata. Konzulens: Dr. Geier Norbert<\/p>\n<p>Magyar Gergely: Automatiz\u00e1lt sz\u00e9nsz\u00e1lcsoport-detekt\u00e1l\u00f3 algoritmus fejleszt\u00e9se digit\u00e1lis k\u00e9pfeldolgoz\u00e1s \u00e9s mesters\u00e9ges intelligencia eszk\u00f6z\u00f6kkel. Konzulens: Dr. Geier Norbert<\/p>\n<p><strong>II. helyezettek:<\/strong><\/p>\n<p>Poly\u00e1k Istv\u00e1n: Fajlagos forg\u00e1csol\u00f3 er\u0151 jellemz\u00e9se v\u00e9konyforg\u00e1cslev\u00e1laszt\u00e1s technol\u00f3giai k\u00f6r\u00fclm\u00e9nyei k\u00f6z\u00f6tt, akusztikus emisszi\u00f3 \u00e9s mikrokem\u00e9nys\u00e9g m\u00e9r\u00e9s seg\u00edts\u00e9g\u00e9vel. Konzulens: Dr. Bir\u00f3 Istv\u00e1n<\/p>\n<p>Pal\u00e1gyi Imre: Vasal\u00e1s \u00e1ltal domin\u00e1lt forg\u00e1csol\u00e1si k\u00f6r\u00fclm\u00e9nyek azonos\u00edt\u00e1sa f\u00e9m\u00f6tv\u00f6zetek ellenir\u00e1ny\u00fa mar\u00e1sa eset\u00e9n. Konzulens: Dr. Bir\u00f3 Istv\u00e1n<\/p>\n<p>Mez\u0151 P\u00e9ter B\u00e1lint: Mesters\u00e9ges intelligencia alap\u00fa predikt\u00edv modellek alkalmaz\u00e1sa forg\u00e1csol\u00f3 megmunk\u00e1l\u00e1sokhoz kapcsol\u00f3d\u00f3an. Konzulens: Dr. Tak\u00e1cs M\u00e1rton<\/p>\n<p><strong>III. helyezett:<\/strong><\/p>\n<p>Helle Anna Nikoletta: \u00dajszer\u0171, t\u00f6bbtengelyes furatmegmunk\u00e1l\u00f3 technol\u00f3gia fejleszt\u00e9se a forg\u00e1csol\u00e1sinduk\u00e1lt r\u00e9tegk\u00f6zi sorja kialakul\u00e1si kock\u00e1zat\u00e1nak cs\u00f6kkent\u00e9s\u00e9re CFRP\/Al szerkezetben. Konzulens: Dr. Geier Norbert<\/p>\n<p><strong>Dics\u00e9retben r\u00e9szes\u00fcltek:<\/strong><\/p>\n<p>P\u00e1lv\u00f6lgyi Bence: \u00daj, dinamikus, \u00f6nszab\u00e1lyz\u00f3 meger\u0151s\u00edt\u00e9ses tanul\u00e1si algoritmus kidolgoz\u00e1sa \u00e9s gy\u00e1rt\u00e1si alkalmaz\u00e1sa a statisztikai min\u0151s\u00e9gir\u00e1ny\u00edt\u00e1s ter\u00fclet\u00e9n. Konzulens: Dr. Viharos Zsolt J\u00e1nos<\/p>\n<p>G\u00f6dri Andr\u00e1s: H\u00e1romdimenzi\u00f3s sorj\u00e1tlan\u00edt\u00f3 ciklus fejleszt\u00e9se sz\u00e9nsz\u00e1llal er\u0151s\u00edtett polimer (CFRP) kompozitok delamin\u00e1ci\u00f3induk\u00e1lt szerkezeti deform\u00e1ci\u00f3inak figyelembev\u00e9tel\u00e9vel. Konzulens: Dr. Geier Norbert<\/p>\n<p>Tatai Gergely: A fel\u00fcleti \u00e9rdess\u00e9g alakul\u00e1sa a forg\u00e1csol\u00e1s tranziens k\u00f6r\u00fclm\u00e9nyei k\u00f6z\u00f6tt v\u00e9gzett megmunk\u00e1l\u00e1s eset\u00e9n. Konzulens: Dr. Bir\u00f3 Istv\u00e1n<\/p>\n<p>Balog Katalin Ida: M\u00e9hsejt mag\u00fa CFRP szendvicsszerkezet t\u00f6lt\u00f6tts\u00e9gi fok\u00e1nak meghat\u00e1roz\u00e1sa furatforg\u00e1csol\u00e1si k\u00eds\u00e9rletek seg\u00edts\u00e9g\u00e9vel. Konzulens: Dr. Geier Norbert<\/p>\n<p>&nbsp;<\/p>\n<p><strong>A TDK konferenci\u00e1n k\u00fcl\u00f6nd\u00edjak is kioszt\u00e1sra ker\u00fcltek a felaj\u00e1nl\u00f3 t\u00e1mogat\u00f3k \u00e9s a bizotts\u00e1g d\u00f6nt\u00e9se alapj\u00e1n:<\/strong><\/p>\n<p>GHK k\u00fcl\u00f6nd\u00edj: Magyar Gergely<\/p>\n<p>Seco k\u00fcl\u00f6nd\u00edj: Pal\u00e1gyi Imre<\/p>\n<p>Audi k\u00fcl\u00f6nd\u00edj: Mez\u0151 P\u00e9ter B\u00e1lint<\/p>\n<p>75-ben v\u00e9gzett g\u00e9p\u00e9szm\u00e9rn\u00f6k\u00f6k alap\u00edtv\u00e1nya k\u00fcl\u00f6nd\u00edj: Tima Tam\u00e1s S\u00e1ndor<\/p>\n<p>&nbsp;<\/p>\n<p>A szponzorok t\u00e1mogat\u00e1s\u00e1t ez\u00faton is kiemelten k\u00f6sz\u00f6nj\u00fck!<\/p>\n","protected":false},"excerpt":{"rendered":"<p>A tansz\u00e9k\u00fcnk oktat\u00e1si \u00e9s kutat\u00e1si tev\u00e9kenys\u00e9geihez szorosan kapcsol\u00f3d\u00f3 TDK dolgozatok a &#8222;Gy\u00e1rt\u00e1studom\u00e1ny \u00e9s -technol\u00f3gia&#8221; szekci\u00f3ban ker\u00fcltek beny\u00fajt\u00e1sra \u00e9s megv\u00e9d\u00e9sre 2022. november 17.-\u00e9n. A kutat\u00f3munk\u00e1k \u00edrott dokument\u00e1ci\u00f3j\u00e1nak \u00e9s szabadform\u00e1j\u00fa el\u0151ad\u00e1sainak min\u0151s\u00e9ge alapj\u00e1n ker\u00fcltek a hallgat\u00f3i munk\u00e1k \u00e9rt\u00e9kel\u00e9sre a szakmai bizotts\u00e1g v\u00e9lem\u00e9nyei alapj\u00e1n. Ez\u00faton is gratul\u00e1lunk minden el\u0151ad\u00f3nak \u00e9s konzulens\u00fcknek! Az els\u0151 \u00e9s m\u00e1sodik helyeket el\u00e9rt hallgat\u00f3k&#8230;<\/p>\n<p class=\"more-link-wrap\"><a href=\"https:\/\/manuf.bme.hu\/?p=16502\" class=\"more-link\">B\u0151vebben<span class=\"screen-reader-text\"> &ldquo;Sikeresen szerepeltek hallgat\u00f3ink az int\u00e9zm\u00e9nyi TDK konferencia Gy\u00e1rt\u00e1studom\u00e1ny \u00e9s -technol\u00f3gia szekci\u00f3j\u00e1ban&rdquo;<\/span> &raquo;<\/a><\/p>\n","protected":false},"author":65,"featured_media":16505,"comment_status":"closed","ping_status":"closed","sticky":false,"template":"","format":"standard","meta":{"_cbd_carousel_blocks":"[]","jetpack_post_was_ever_published":false,"_jetpack_newsletter_access":"","_jetpack_dont_email_post_to_subs":false,"_jetpack_newsletter_tier_id":0,"_jetpack_memberships_contains_paywalled_content":false,"_jetpack_memberships_contains_paid_content":false,"footnotes":""},"categories":[28],"tags":[],"class_list":["post-16502","post","type-post","status-publish","format-standard","has-post-thumbnail","hentry","category-hirek"],"jetpack_featured_media_url":"https:\/\/manuf.bme.hu\/wp-content\/uploads\/2022\/11\/Kepernyokep-2022-11-24-102431.png","jetpack_sharing_enabled":true,"_links":{"self":[{"href":"https:\/\/manuf.bme.hu\/index.php?rest_route=\/wp\/v2\/posts\/16502","targetHints":{"allow":["GET"]}}],"collection":[{"href":"https:\/\/manuf.bme.hu\/index.php?rest_route=\/wp\/v2\/posts"}],"about":[{"href":"https:\/\/manuf.bme.hu\/index.php?rest_route=\/wp\/v2\/types\/post"}],"author":[{"embeddable":true,"href":"https:\/\/manuf.bme.hu\/index.php?rest_route=\/wp\/v2\/users\/65"}],"replies":[{"embeddable":true,"href":"https:\/\/manuf.bme.hu\/index.php?rest_route=%2Fwp%2Fv2%2Fcomments&post=16502"}],"version-history":[{"count":0,"href":"https:\/\/manuf.bme.hu\/index.php?rest_route=\/wp\/v2\/posts\/16502\/revisions"}],"wp:featuredmedia":[{"embeddable":true,"href":"https:\/\/manuf.bme.hu\/index.php?rest_route=\/wp\/v2\/media\/16505"}],"wp:attachment":[{"href":"https:\/\/manuf.bme.hu\/index.php?rest_route=%2Fwp%2Fv2%2Fmedia&parent=16502"}],"wp:term":[{"taxonomy":"category","embeddable":true,"href":"https:\/\/manuf.bme.hu\/index.php?rest_route=%2Fwp%2Fv2%2Fcategories&post=16502"},{"taxonomy":"post_tag","embeddable":true,"href":"https:\/\/manuf.bme.hu\/index.php?rest_route=%2Fwp%2Fv2%2Ftags&post=16502"}],"curies":[{"name":"wp","href":"https:\/\/api.w.org\/{rel}","templated":true}]}}