{"id":16960,"date":"2023-06-27T14:37:29","date_gmt":"2023-06-27T12:37:29","guid":{"rendered":"https:\/\/manuf.bme.hu\/?p=16960"},"modified":"2023-06-27T15:09:07","modified_gmt":"2023-06-27T13:09:07","slug":"gratulalunk-kituntetett-kollegainknak","status":"publish","type":"post","link":"https:\/\/manuf.bme.hu\/?p=16960","title":{"rendered":"Gratul\u00e1lunk kit\u00fcntetett koll\u00e9g\u00e1inknak!"},"content":{"rendered":"<p>N\u00e9gy koll\u00e9g\u00e1nk kit\u00fcntet\u00e9st kapott a 2023. j\u00fanius 9-\u00e9n rendezett \u00dcnnepi Kari Tan\u00e1cson.<\/p>\n<p>Dr. Bir\u00f3 Istv\u00e1n adjunktus rektori dics\u00e9retben r\u00e9szes\u00fclt.<\/p>\n<p><a href=\"https:\/\/manuf.bme.hu\/wp-content\/uploads\/2023\/06\/biro_i-scaled.jpg\"><img loading=\"lazy\" decoding=\"async\" data-attachment-id=\"16961\" data-permalink=\"https:\/\/manuf.bme.hu\/?attachment_id=16961\" data-orig-file=\"https:\/\/manuf.bme.hu\/wp-content\/uploads\/2023\/06\/biro_i-scaled.jpg\" data-orig-size=\"2560,1920\" data-comments-opened=\"0\" data-image-meta=\"{&quot;aperture&quot;:&quot;1.7&quot;,&quot;credit&quot;:&quot;&quot;,&quot;camera&quot;:&quot;Pixel 6a&quot;,&quot;caption&quot;:&quot;&quot;,&quot;created_timestamp&quot;:&quot;1686317478&quot;,&quot;copyright&quot;:&quot;&quot;,&quot;focal_length&quot;:&quot;4.38&quot;,&quot;iso&quot;:&quot;40&quot;,&quot;shutter_speed&quot;:&quot;0.00625&quot;,&quot;title&quot;:&quot;&quot;,&quot;orientation&quot;:&quot;0&quot;}\" data-image-title=\"biro_i\" data-image-description=\"\" data-image-caption=\"\" data-medium-file=\"https:\/\/manuf.bme.hu\/wp-content\/uploads\/2023\/06\/biro_i-300x225.jpg\" data-large-file=\"https:\/\/manuf.bme.hu\/wp-content\/uploads\/2023\/06\/biro_i-1024x768.jpg\" class=\"aligncenter wp-image-16961 size-large\" src=\"https:\/\/manuf.bme.hu\/wp-content\/uploads\/2023\/06\/biro_i-1024x768.jpg\" alt=\"Bir\u00f3 Istv\u00e1n\" width=\"650\" height=\"488\" srcset=\"https:\/\/manuf.bme.hu\/wp-content\/uploads\/2023\/06\/biro_i-1024x768.jpg 1024w, https:\/\/manuf.bme.hu\/wp-content\/uploads\/2023\/06\/biro_i-300x225.jpg 300w, https:\/\/manuf.bme.hu\/wp-content\/uploads\/2023\/06\/biro_i-768x576.jpg 768w, https:\/\/manuf.bme.hu\/wp-content\/uploads\/2023\/06\/biro_i-1536x1152.jpg 1536w, https:\/\/manuf.bme.hu\/wp-content\/uploads\/2023\/06\/biro_i-2048x1536.jpg 2048w\" sizes=\"auto, (max-width: 650px) 100vw, 650px\" \/><\/a><\/p>\n<p>Zs\u00f3ka Levente, Tak\u00e1cs Don\u00e1t \u00e9s Viharos Andor B\u00e1lint (k\u00e9pen balr\u00f3l jobbra) tansz\u00e9ki m\u00e9rn\u00f6k\u00f6k d\u00e9k\u00e1ni dics\u00e9retet kaptak.<\/p>\n<p><a href=\"https:\/\/manuf.bme.hu\/wp-content\/uploads\/2023\/06\/a_harom_testor-scaled.jpg\"><img loading=\"lazy\" decoding=\"async\" data-attachment-id=\"16962\" data-permalink=\"https:\/\/manuf.bme.hu\/?attachment_id=16962\" data-orig-file=\"https:\/\/manuf.bme.hu\/wp-content\/uploads\/2023\/06\/a_harom_testor-scaled.jpg\" data-orig-size=\"2560,1920\" data-comments-opened=\"0\" data-image-meta=\"{&quot;aperture&quot;:&quot;1.7&quot;,&quot;credit&quot;:&quot;&quot;,&quot;camera&quot;:&quot;Pixel 6a&quot;,&quot;caption&quot;:&quot;&quot;,&quot;created_timestamp&quot;:&quot;1686315424&quot;,&quot;copyright&quot;:&quot;&quot;,&quot;focal_length&quot;:&quot;4.38&quot;,&quot;iso&quot;:&quot;43&quot;,&quot;shutter_speed&quot;:&quot;0.0066666666666667&quot;,&quot;title&quot;:&quot;&quot;,&quot;orientation&quot;:&quot;0&quot;}\" data-image-title=\"a_harom_testor\" data-image-description=\"\" data-image-caption=\"\" data-medium-file=\"https:\/\/manuf.bme.hu\/wp-content\/uploads\/2023\/06\/a_harom_testor-300x225.jpg\" data-large-file=\"https:\/\/manuf.bme.hu\/wp-content\/uploads\/2023\/06\/a_harom_testor-1024x768.jpg\" class=\"size-large wp-image-16962 aligncenter\" src=\"https:\/\/manuf.bme.hu\/wp-content\/uploads\/2023\/06\/a_harom_testor-1024x768.jpg\" alt=\"Bir\u00f3 Istv\u00e1n\" width=\"650\" height=\"488\" srcset=\"https:\/\/manuf.bme.hu\/wp-content\/uploads\/2023\/06\/a_harom_testor-1024x768.jpg 1024w, https:\/\/manuf.bme.hu\/wp-content\/uploads\/2023\/06\/a_harom_testor-300x225.jpg 300w, https:\/\/manuf.bme.hu\/wp-content\/uploads\/2023\/06\/a_harom_testor-768x576.jpg 768w, https:\/\/manuf.bme.hu\/wp-content\/uploads\/2023\/06\/a_harom_testor-1536x1152.jpg 1536w, https:\/\/manuf.bme.hu\/wp-content\/uploads\/2023\/06\/a_harom_testor-2048x1536.jpg 2048w\" sizes=\"auto, (max-width: 650px) 100vw, 650px\" \/><\/a><\/p>\n<p><strong>Gratul\u00e1lunk koll\u00e9g\u00e1inknak, \u00e9s k\u00f6sz\u00f6nj\u00fck a tansz\u00e9k\u00e9rt v\u00e9gzett eredm\u00e9nyes munk\u00e1jukat!<\/strong><\/p>\n<p>&nbsp;<\/p>\n<p>&nbsp;<\/p>\n<p>&nbsp;<\/p>\n","protected":false},"excerpt":{"rendered":"<p>N\u00e9gy koll\u00e9g\u00e1nk kit\u00fcntet\u00e9st kapott a 2023. j\u00fanius 9-\u00e9n rendezett \u00dcnnepi Kari Tan\u00e1cson. Dr. Bir\u00f3 Istv\u00e1n adjunktus rektori dics\u00e9retben r\u00e9szes\u00fclt. Zs\u00f3ka Levente, Tak\u00e1cs Don\u00e1t \u00e9s Viharos Andor B\u00e1lint (k\u00e9pen balr\u00f3l jobbra) tansz\u00e9ki m\u00e9rn\u00f6k\u00f6k d\u00e9k\u00e1ni dics\u00e9retet kaptak. Gratul\u00e1lunk koll\u00e9g\u00e1inknak, \u00e9s k\u00f6sz\u00f6nj\u00fck a tansz\u00e9k\u00e9rt v\u00e9gzett eredm\u00e9nyes munk\u00e1jukat! &nbsp; &nbsp; &nbsp;<\/p>\n","protected":false},"author":23,"featured_media":16963,"comment_status":"closed","ping_status":"closed","sticky":false,"template":"","format":"standard","meta":{"_cbd_carousel_blocks":"[]","jetpack_post_was_ever_published":false,"_jetpack_newsletter_access":"","_jetpack_dont_email_post_to_subs":false,"_jetpack_newsletter_tier_id":0,"_jetpack_memberships_contains_paywalled_content":false,"_jetpack_memberships_contains_paid_content":false,"footnotes":""},"categories":[28],"tags":[],"class_list":["post-16960","post","type-post","status-publish","format-standard","has-post-thumbnail","hentry","category-hirek"],"jetpack_featured_media_url":"https:\/\/manuf.bme.hu\/wp-content\/uploads\/2023\/06\/cimlap.jpg","jetpack_sharing_enabled":true,"_links":{"self":[{"href":"https:\/\/manuf.bme.hu\/index.php?rest_route=\/wp\/v2\/posts\/16960","targetHints":{"allow":["GET"]}}],"collection":[{"href":"https:\/\/manuf.bme.hu\/index.php?rest_route=\/wp\/v2\/posts"}],"about":[{"href":"https:\/\/manuf.bme.hu\/index.php?rest_route=\/wp\/v2\/types\/post"}],"author":[{"embeddable":true,"href":"https:\/\/manuf.bme.hu\/index.php?rest_route=\/wp\/v2\/users\/23"}],"replies":[{"embeddable":true,"href":"https:\/\/manuf.bme.hu\/index.php?rest_route=%2Fwp%2Fv2%2Fcomments&post=16960"}],"version-history":[{"count":5,"href":"https:\/\/manuf.bme.hu\/index.php?rest_route=\/wp\/v2\/posts\/16960\/revisions"}],"predecessor-version":[{"id":16971,"href":"https:\/\/manuf.bme.hu\/index.php?rest_route=\/wp\/v2\/posts\/16960\/revisions\/16971"}],"wp:featuredmedia":[{"embeddable":true,"href":"https:\/\/manuf.bme.hu\/index.php?rest_route=\/wp\/v2\/media\/16963"}],"wp:attachment":[{"href":"https:\/\/manuf.bme.hu\/index.php?rest_route=%2Fwp%2Fv2%2Fmedia&parent=16960"}],"wp:term":[{"taxonomy":"category","embeddable":true,"href":"https:\/\/manuf.bme.hu\/index.php?rest_route=%2Fwp%2Fv2%2Fcategories&post=16960"},{"taxonomy":"post_tag","embeddable":true,"href":"https:\/\/manuf.bme.hu\/index.php?rest_route=%2Fwp%2Fv2%2Ftags&post=16960"}],"curies":[{"name":"wp","href":"https:\/\/api.w.org\/{rel}","templated":true}]}}