{"id":17069,"date":"2023-09-12T14:33:46","date_gmt":"2023-09-12T12:33:46","guid":{"rendered":"https:\/\/manuf.bme.hu\/?p=17069"},"modified":"2023-09-12T14:33:46","modified_gmt":"2023-09-12T12:33:46","slug":"meghivas-a-veszpremi-continental-altal-szervezett-tech-picnicre","status":"publish","type":"post","link":"https:\/\/manuf.bme.hu\/?p=17069","title":{"rendered":"Megh\u00edv\u00e1s a veszpr\u00e9mi Continental \u00e1ltal szervezett Tech Picnicre"},"content":{"rendered":"<p>A veszpr\u00e9mi Continent\u00e1l nagy \u00f6r\u00f6mmel megh\u00edvja az \u00e9rdekl\u0151d\u0151 koll\u00e9g\u00e1kat \u00e9s hallgat\u00f3kat 2023. szeptember 22-\u00e9n a 10:00 \u00f3ra \u00e9s 14:00 \u00f3ra k\u00f6z\u00f6tt szervezett &#8222;Tech Picnic&#8221; rendezv\u00e9ny\u00e9re. A r\u00e9szv\u00e9teli l\u00e9tsz\u00e1m korl\u00e1tozott (kb. 30-40 f\u0151). Jelentkezni a rac.nora@gpk.bme.hu e-mail c\u00edmen lehet szeptember 15. 12:00-ig. A rendezv\u00e9ny helysz\u00edn\u00e9re egy\u00e9nileg kell eljutni. A v\u00e1llalati megh\u00edv\u00f3 az al\u00e1bbi tervezett programot \u00e9s bemutatkoz\u00e1st tartalmazza.<\/p>\n<p>A rendezv\u00e9nyen v\u00e1llalatunk koll\u00e9g\u00e1i \u00e1ttekint\u00e9st ny\u00fajtanak kutat\u00e1s-fejleszt\u00e9si megold\u00e1sainkr\u00f3l, k\u00fcl\u00f6n\u00f6s tekintettel a k\u00f6vetkez\u0151 ter\u00fcletekre:<\/p>\n<ol>\n<li><strong><em> PSS R&amp;D \u2013 \u201eWe are Sensors, we focus on Safety, we strive for Sustainability.\u201d:<\/em><\/strong> Kalandoz\u00e1s a szenzorok vil\u00e1g\u00e1ban, a biztons\u00e1g \u00e9s a fenntarthat\u00f3s\u00e1g n\u00f6vel\u00e9s\u00e9re ir\u00e1nyul\u00f3 munk\u00e1nk bemutat\u00e1sa, mint a szektor kulcsszerepl\u0151je.<\/li>\n<li><strong><em> CES \u2013 \u201eFrom Automotive to Industry\u201d:<\/em><\/strong> Elmer\u00fcl\u00e9s az aut\u00f3ipari \u00e9s ipari technol\u00f3gi\u00e1k konvergenci\u00e1j\u00e1ban, az gyorsan fejl\u0151d\u0151 innov\u00e1ci\u00f3k felfedez\u00e9se, amelyek \u00e1tform\u00e1lj\u00e1k a k\u00f6t\u0151d\u0151 ipar\u00e1gakat.<\/li>\n<li><strong><em> Software \u2013 \u201eSoftware defines vehicle\u201d:<\/em><\/strong> A szoftver szerepe a j\u00e1rm\u0171vek j\u00f6v\u0151j\u00e9nek alak\u00edt\u00e1s\u00e1ban, az auton\u00f3m vezet\u00e9st\u0151l a kapcsol\u00f3d\u00e1sig \u00e9s azon t\u00fal.<\/li>\n<li><strong><em> ASC \u2013 \u201eVision Zero\u201d:<\/em><\/strong> Megh\u00edv\u00e1s a Vision Zero \u2013 egy balesetmentes vil\u00e1g \u2013 megval\u00f3s\u00edt\u00e1s\u00e1ra. Az \u00e9lvonalbeli megold\u00e1sok \u00e9s technol\u00f3gi\u00e1k bemutat\u00e1sa, amelyek k\u00f6zelebb visznek benn\u00fcnket ehhez a c\u00e9lhoz.<\/li>\n<\/ol>\n<p>Ezeken a lebilincsel\u0151 foglalkoz\u00e1sokon k\u00edv\u00fcl van n\u00e9h\u00e1ny megeml\u00edtend\u0151 aktivit\u00e1sunk is, amelyek minden bizonnyal megragadj\u00e1k a hallgat\u00f3k \u00e9rdekl\u0151d\u00e9s\u00e9t. Ezeket a k\u00f6vetkez\u0151k\u00e9ppen hirdetn\u00e9nk az ir\u00e1nyukba:<\/p>\n<p><strong>&#8211; F\u00e9kez\u00e9s inhomog\u00e9n s\u00e1vokon (\u00b5-os r\u00e9sz):<\/strong> Legyen szemtan\u00faja a f\u00e9krendszerek forradalmi bemutat\u00f3j\u00e1nak inhomog\u00e9n \u00fatfel\u00fcleteken, amely bemutatja a biztons\u00e1g \u00e9s az innov\u00e1ci\u00f3 ir\u00e1nti elk\u00f6telezetts\u00e9g\u00fcnket.<\/p>\n<p><strong>&#8211; \u00c9lje meg egy igazi tesztp\u00e1lya \u00e9lm\u00e9ny\u00e9t oktat\u00f3kkal, testk\u00f6zelb\u0151l:<\/strong> Tapasztalja meg egy igazi tesztp\u00e1lya izgalm\u00e1t szak\u00e9rt\u0151 oktat\u00f3inkkal, \u00e9s olyan gyakorlati tanul\u00e1si \u00e9lm\u00e9nyt ny\u00fajt, amely semmihez sem hasonl\u00edthat\u00f3.<\/p>\n<p>Ez az esem\u00e9ny p\u00e1ratlan lehet\u0151s\u00e9get k\u00edn\u00e1l hallgat\u00f3iknak, hogy interakci\u00f3ba l\u00e9pjenek az ipar\u00e1g szak\u00e9rt\u0151ivel, megismerkedjenek a legmodernebb technol\u00f3gi\u00e1val, \u00e9s olyan kapcsolatokat alak\u00edtsanak ki, amelyek izgalmas j\u00f6v\u0151beli egy\u00fcttm\u0171k\u00f6d\u00e9sekhez vezethetnek. A Continental Veszpr\u00e9m elk\u00f6telezett a m\u00e9rn\u00f6k\u00f6k \u00e9s innov\u00e1torok k\u00f6vetkez\u0151 gener\u00e1ci\u00f3j\u00e1nak nevel\u00e9s\u00e9ben, \u00e9s hisz\u00fcnk abban, hogy int\u00e9zm\u00e9nye r\u00e9szv\u00e9tele nagyban gazdag\u00edtja a rendezv\u00e9nyt.<\/p>\n<p><strong>\u00a0<\/strong><\/p>\n<p>&nbsp;<\/p>\n<p>&nbsp;<\/p>\n<p>&nbsp;<\/p>\n","protected":false},"excerpt":{"rendered":"<p>A veszpr\u00e9mi Continent\u00e1l nagy \u00f6r\u00f6mmel megh\u00edvja az \u00e9rdekl\u0151d\u0151 koll\u00e9g\u00e1kat \u00e9s hallgat\u00f3kat 2023. szeptember 22-\u00e9n a 10:00 \u00f3ra \u00e9s 14:00 \u00f3ra k\u00f6z\u00f6tt szervezett &#8222;Tech Picnic&#8221; rendezv\u00e9ny\u00e9re. A r\u00e9szv\u00e9teli l\u00e9tsz\u00e1m korl\u00e1tozott (kb. 30-40 f\u0151). Jelentkezni a rac.nora@gpk.bme.hu e-mail c\u00edmen lehet szeptember 15. 12:00-ig. A rendezv\u00e9ny helysz\u00edn\u00e9re egy\u00e9nileg kell eljutni. A v\u00e1llalati megh\u00edv\u00f3 az al\u00e1bbi tervezett programot \u00e9s&#8230;<\/p>\n<p class=\"more-link-wrap\"><a href=\"https:\/\/manuf.bme.hu\/?p=17069\" class=\"more-link\">B\u0151vebben<span class=\"screen-reader-text\"> &ldquo;Megh\u00edv\u00e1s a veszpr\u00e9mi Continental \u00e1ltal szervezett Tech Picnicre&rdquo;<\/span> &raquo;<\/a><\/p>\n","protected":false},"author":14,"featured_media":17071,"comment_status":"closed","ping_status":"closed","sticky":false,"template":"","format":"standard","meta":{"_cbd_carousel_blocks":"[]","jetpack_post_was_ever_published":false,"_jetpack_newsletter_access":"","_jetpack_dont_email_post_to_subs":false,"_jetpack_newsletter_tier_id":0,"_jetpack_memberships_contains_paywalled_content":false,"_jetpack_memberships_contains_paid_content":false,"footnotes":""},"categories":[28],"tags":[],"class_list":["post-17069","post","type-post","status-publish","format-standard","has-post-thumbnail","hentry","category-hirek"],"jetpack_featured_media_url":"https:\/\/manuf.bme.hu\/wp-content\/uploads\/2023\/09\/TechPicnic-Egyetemi-hirdetes.jpg","jetpack_sharing_enabled":true,"_links":{"self":[{"href":"https:\/\/manuf.bme.hu\/index.php?rest_route=\/wp\/v2\/posts\/17069","targetHints":{"allow":["GET"]}}],"collection":[{"href":"https:\/\/manuf.bme.hu\/index.php?rest_route=\/wp\/v2\/posts"}],"about":[{"href":"https:\/\/manuf.bme.hu\/index.php?rest_route=\/wp\/v2\/types\/post"}],"author":[{"embeddable":true,"href":"https:\/\/manuf.bme.hu\/index.php?rest_route=\/wp\/v2\/users\/14"}],"replies":[{"embeddable":true,"href":"https:\/\/manuf.bme.hu\/index.php?rest_route=%2Fwp%2Fv2%2Fcomments&post=17069"}],"version-history":[{"count":3,"href":"https:\/\/manuf.bme.hu\/index.php?rest_route=\/wp\/v2\/posts\/17069\/revisions"}],"predecessor-version":[{"id":17073,"href":"https:\/\/manuf.bme.hu\/index.php?rest_route=\/wp\/v2\/posts\/17069\/revisions\/17073"}],"wp:featuredmedia":[{"embeddable":true,"href":"https:\/\/manuf.bme.hu\/index.php?rest_route=\/wp\/v2\/media\/17071"}],"wp:attachment":[{"href":"https:\/\/manuf.bme.hu\/index.php?rest_route=%2Fwp%2Fv2%2Fmedia&parent=17069"}],"wp:term":[{"taxonomy":"category","embeddable":true,"href":"https:\/\/manuf.bme.hu\/index.php?rest_route=%2Fwp%2Fv2%2Fcategories&post=17069"},{"taxonomy":"post_tag","embeddable":true,"href":"https:\/\/manuf.bme.hu\/index.php?rest_route=%2Fwp%2Fv2%2Ftags&post=17069"}],"curies":[{"name":"wp","href":"https:\/\/api.w.org\/{rel}","templated":true}]}}